{"id":1159,"date":"2018-11-12T11:04:39","date_gmt":"2018-11-12T10:04:39","guid":{"rendered":"http:\/\/web.philo.ulg.ac.be\/epistolart_bd\/2019\/01\/11\/convegno-internazionale-ecdotica-digitale-e-nuovi-approcci-critici-del-testo\/"},"modified":"2020-06-29T14:03:49","modified_gmt":"2020-06-29T12:03:49","slug":"convegno-internazionale-ecdotica-digitale-e-nuovi-approcci-critici-del-testo","status":"publish","type":"post","link":"http:\/\/web.philo.ulg.ac.be\/epistolart_bd\/2018\/11\/12\/convegno-internazionale-ecdotica-digitale-e-nuovi-approcci-critici-del-testo\/","title":{"rendered":"Colloque international Ecdotica digitale e nuovi approcci critici del testo"},"content":{"rendered":"<p>Universit\u00e9 de Li\u00e8ge, Facult\u00e9 de Philosophie et Lettres, Salle de l\u2019Horloge,<\/p>\n<p>12 et 13 novembre 2018<\/p>\n<p style=\"text-align: justify\"><strong>Organisation : Paola Moreno et H\u00e9l\u00e8ne Miesse (<span lang=\"IT\">ULi\u00e8ge\/<i>Transitions<\/i>)<\/span>, en partenariat avec le Labex COMOD (Lyon)<br \/>\n<\/strong><\/p>\n<p style=\"text-align: justify\">T\u00c9L\u00c9CHARGEMENTS<\/p>\n<p style=\"text-align: justify\"><a href=\"http:\/\/web.philo.ulg.ac.be\/epistolart_bd\/wp-content\/uploads\/sites\/46\/2020\/06\/Ecdotica_programma_definitivo2.pdf\" target=\"_blank\" rel=\"noopener\">T\u00e9l\u00e9charger le programme<\/a><\/p>\n","protected":false},"excerpt":{"rendered":"<p>Universit\u00e9 de Li\u00e8ge, Facult\u00e9 de Philosophie et Lettres, Salle de l\u2019Horloge, 12 et 13 novembre 2018 Organisation : Paola Moreno et H\u00e9l\u00e8ne Miesse (ULi\u00e8ge\/Transitions), en partenariat avec le Labex COMOD (Lyon) T\u00c9L\u00c9CHARGEMENTS T\u00e9l\u00e9charger le programme<\/p>\n","protected":false},"author":2,"featured_media":1157,"comment_status":"closed","ping_status":"closed","sticky":false,"template":"","format":"standard","meta":{"footnotes":""},"categories":[7],"tags":[],"class_list":["post-1159","post","type-post","status-publish","format-standard","has-post-thumbnail","hentry","category-activites-manifestations-scientifiques"],"_links":{"self":[{"href":"http:\/\/web.philo.ulg.ac.be\/epistolart_bd\/wp-json\/wp\/v2\/posts\/1159","targetHints":{"allow":["GET"]}}],"collection":[{"href":"http:\/\/web.philo.ulg.ac.be\/epistolart_bd\/wp-json\/wp\/v2\/posts"}],"about":[{"href":"http:\/\/web.philo.ulg.ac.be\/epistolart_bd\/wp-json\/wp\/v2\/types\/post"}],"author":[{"embeddable":true,"href":"http:\/\/web.philo.ulg.ac.be\/epistolart_bd\/wp-json\/wp\/v2\/users\/2"}],"replies":[{"embeddable":true,"href":"http:\/\/web.philo.ulg.ac.be\/epistolart_bd\/wp-json\/wp\/v2\/comments?post=1159"}],"version-history":[{"count":5,"href":"http:\/\/web.philo.ulg.ac.be\/epistolart_bd\/wp-json\/wp\/v2\/posts\/1159\/revisions"}],"predecessor-version":[{"id":1779,"href":"http:\/\/web.philo.ulg.ac.be\/epistolart_bd\/wp-json\/wp\/v2\/posts\/1159\/revisions\/1779"}],"wp:featuredmedia":[{"embeddable":true,"href":"http:\/\/web.philo.ulg.ac.be\/epistolart_bd\/wp-json\/wp\/v2\/media\/1157"}],"wp:attachment":[{"href":"http:\/\/web.philo.ulg.ac.be\/epistolart_bd\/wp-json\/wp\/v2\/media?parent=1159"}],"wp:term":[{"taxonomy":"category","embeddable":true,"href":"http:\/\/web.philo.ulg.ac.be\/epistolart_bd\/wp-json\/wp\/v2\/categories?post=1159"},{"taxonomy":"post_tag","embeddable":true,"href":"http:\/\/web.philo.ulg.ac.be\/epistolart_bd\/wp-json\/wp\/v2\/tags?post=1159"}],"curies":[{"name":"wp","href":"https:\/\/api.w.org\/{rel}","templated":true}]}}