{"id":1776,"date":"2020-06-29T13:50:03","date_gmt":"2020-06-29T11:50:03","guid":{"rendered":"http:\/\/web.philo.ulg.ac.be\/epistolart_bd\/?p=1776"},"modified":"2020-06-29T14:07:26","modified_gmt":"2020-06-29T12:07:26","slug":"le-lexique-de-la-peinture-en-france-espagne-et-italie-xive-xviie-siecles","status":"publish","type":"post","link":"http:\/\/web.philo.ulg.ac.be\/epistolart_bd\/2020\/06\/29\/le-lexique-de-la-peinture-en-france-espagne-et-italie-xive-xviie-siecles\/","title":{"rendered":"Le lexique de la peinture en France, Espagne et Italie (XIVe-XVIIe si\u00e8cles)"},"content":{"rendered":"<p style=\"text-align: justify\">Cycle de s\u00e9minaires organis\u00e9 dans le cadre du financement \u00e0 \u00abprojet innovant\u00bb de l\u2019Universit\u00e9 Sorbonne nouvelle Paris 3, en collaboration avec le CIRRI-LECEMO de la Sorbonne nouvelle, l\u2019Universit\u00e9 de Turin et l\u2019ITEM \u2013 ENS.<\/p>\n<p style=\"text-align: justify\">15-16 et 18 juin 2020<\/p>\n<p style=\"text-align: justify\"><strong>Participation d&rsquo;Alessandro Aresti (<em>ItalArt, l\u2019italien des arts entre le Moyen \u00c2ge et la Renaissance<\/em>) et Gianluca Valenti (<em>Le projet EpistolART : philologie, historiographie et histoire de l\u2019art<\/em>).<\/strong><\/p>\n<p><a href=\"http:\/\/web.philo.ulg.ac.be\/epistolart_bd\/wp-content\/uploads\/sites\/46\/2020\/06\/Lexique-15-16-18-giugno-locandina15756.pdf\">VOIR LE PROGRAMME<\/a><\/p>\n","protected":false},"excerpt":{"rendered":"<p>Cycle de s\u00e9minaires organis\u00e9 dans le cadre du financement \u00e0 \u00abprojet innovant\u00bb de l\u2019Universit\u00e9 Sorbonne nouvelle Paris 3, en collaboration avec le CIRRI-LECEMO de la Sorbonne nouvelle, l\u2019Universit\u00e9 de Turin et l\u2019ITEM \u2013 ENS. 15-16 et 18 juin 2020 Participation d&rsquo;Alessandro Aresti (ItalArt, l\u2019italien des arts entre le Moyen \u00c2ge et la Renaissance) et Gianluca [&hellip;]<\/p>\n","protected":false},"author":2,"featured_media":1773,"comment_status":"closed","ping_status":"closed","sticky":false,"template":"","format":"standard","meta":{"footnotes":""},"categories":[6,1],"tags":[],"class_list":["post-1776","post","type-post","status-publish","format-standard","has-post-thumbnail","hentry","category-activites-conferences-et-communications","category-non-classifiee"],"_links":{"self":[{"href":"http:\/\/web.philo.ulg.ac.be\/epistolart_bd\/wp-json\/wp\/v2\/posts\/1776","targetHints":{"allow":["GET"]}}],"collection":[{"href":"http:\/\/web.philo.ulg.ac.be\/epistolart_bd\/wp-json\/wp\/v2\/posts"}],"about":[{"href":"http:\/\/web.philo.ulg.ac.be\/epistolart_bd\/wp-json\/wp\/v2\/types\/post"}],"author":[{"embeddable":true,"href":"http:\/\/web.philo.ulg.ac.be\/epistolart_bd\/wp-json\/wp\/v2\/users\/2"}],"replies":[{"embeddable":true,"href":"http:\/\/web.philo.ulg.ac.be\/epistolart_bd\/wp-json\/wp\/v2\/comments?post=1776"}],"version-history":[{"count":3,"href":"http:\/\/web.philo.ulg.ac.be\/epistolart_bd\/wp-json\/wp\/v2\/posts\/1776\/revisions"}],"predecessor-version":[{"id":1786,"href":"http:\/\/web.philo.ulg.ac.be\/epistolart_bd\/wp-json\/wp\/v2\/posts\/1776\/revisions\/1786"}],"wp:featuredmedia":[{"embeddable":true,"href":"http:\/\/web.philo.ulg.ac.be\/epistolart_bd\/wp-json\/wp\/v2\/media\/1773"}],"wp:attachment":[{"href":"http:\/\/web.philo.ulg.ac.be\/epistolart_bd\/wp-json\/wp\/v2\/media?parent=1776"}],"wp:term":[{"taxonomy":"category","embeddable":true,"href":"http:\/\/web.philo.ulg.ac.be\/epistolart_bd\/wp-json\/wp\/v2\/categories?post=1776"},{"taxonomy":"post_tag","embeddable":true,"href":"http:\/\/web.philo.ulg.ac.be\/epistolart_bd\/wp-json\/wp\/v2\/tags?post=1776"}],"curies":[{"name":"wp","href":"https:\/\/api.w.org\/{rel}","templated":true}]}}