{"id":188,"date":"2014-09-29T14:11:51","date_gmt":"2014-09-29T12:11:51","guid":{"rendered":"http:\/\/web.philo.ulg.ac.be\/epistolart_bd\/?p=188"},"modified":"2019-01-14T11:25:07","modified_gmt":"2019-01-14T10:25:07","slug":"xvi-convegno-internazionale-di-letteratura-italiana-gennaro-barbarisi","status":"publish","type":"post","link":"http:\/\/web.philo.ulg.ac.be\/epistolart_bd\/2014\/09\/29\/xvi-convegno-internazionale-di-letteratura-italiana-gennaro-barbarisi\/","title":{"rendered":"XVI Convegno internazionale di Letteratura italiana \u00abGennaro Barbarisi\u00bb"},"content":{"rendered":"<h3 style=\"text-align: justify;\">Epistolari dal Due al Seicento: modelli, questioni ecdotiche, edizioni, cantieri aperti<\/h3>\n<h3 style=\"text-align: justify;\">Gargnano del Garda, 29-30 septembre &#8211; 1er octobre 2014<\/h3>\n<p style=\"text-align: justify;\"><strong>Communications de Laure Fagnart &#8211; H\u00e9l\u00e8ne Miesse et Paola Moreno.<\/strong><\/p>\n<p style=\"text-align: justify;\">Laure Fagnart et H\u00e9l\u00e8ne Miesse\u00a0 l <em>Le projet EpistolART et le Carteggio inedito d&rsquo;artisti de J.W. Gaye. Un cas d&rsquo;\u00e9tude :\u00a0les lettres t\u00e9moignant des liens entre L\u00e9onard de Vinci et Louis XI<\/em><\/p>\n<p>Paola Moreno l <em>Quando l\u2019autore corregge se stesso. Il caso unico del copialettere di F. Guicciardini<\/em><\/p>\n<p style=\"text-align: justify;\"><strong>T\u00c9L\u00c9CHARGEMENTS<\/strong><\/p>\n<p><a href=\"http:\/\/web.philo.ulg.ac.be\/epistolart_bd\/wp-content\/uploads\/sites\/46\/2018\/09\/Programme_Epistolari-dal-Due-al-Seicento.pdf\" target=\"_blank\" rel=\"noopener\">Programme<\/a><\/p>\n<p><strong>LIENS<\/strong><\/p>\n<p><a href=\"http:\/\/www.studilefili.unimi.it\/ecm\/home\/aggiornamenti-e-archivi\/tutte-le-notizie\/content\/call-for-papers-epistolari-italiani-e-latini-dal-due-al-seicento-modelli-temi-esperienze-ecdotiche.0000.UNIMIDIRE-20530\" target=\"_blank\" rel=\"noopener\">Appel \u00e0 communications<\/a><\/p>\n","protected":false},"excerpt":{"rendered":"<p>Epistolari dal Due al Seicento: modelli, questioni ecdotiche, edizioni, cantieri aperti Gargnano del Garda, 29-30 septembre &#8211; 1er octobre 2014 Communications de Laure Fagnart &#8211; H\u00e9l\u00e8ne Miesse et Paola Moreno. Laure Fagnart et H\u00e9l\u00e8ne Miesse\u00a0 l Le projet EpistolART et le Carteggio inedito d&rsquo;artisti de J.W. Gaye. Un cas d&rsquo;\u00e9tude :\u00a0les lettres t\u00e9moignant des liens [&hellip;]<\/p>\n","protected":false},"author":2,"featured_media":796,"comment_status":"closed","ping_status":"closed","sticky":false,"template":"","format":"standard","meta":{"footnotes":""},"categories":[6],"tags":[],"class_list":["post-188","post","type-post","status-publish","format-standard","has-post-thumbnail","hentry","category-activites-conferences-et-communications"],"_links":{"self":[{"href":"http:\/\/web.philo.ulg.ac.be\/epistolart_bd\/wp-json\/wp\/v2\/posts\/188","targetHints":{"allow":["GET"]}}],"collection":[{"href":"http:\/\/web.philo.ulg.ac.be\/epistolart_bd\/wp-json\/wp\/v2\/posts"}],"about":[{"href":"http:\/\/web.philo.ulg.ac.be\/epistolart_bd\/wp-json\/wp\/v2\/types\/post"}],"author":[{"embeddable":true,"href":"http:\/\/web.philo.ulg.ac.be\/epistolart_bd\/wp-json\/wp\/v2\/users\/2"}],"replies":[{"embeddable":true,"href":"http:\/\/web.philo.ulg.ac.be\/epistolart_bd\/wp-json\/wp\/v2\/comments?post=188"}],"version-history":[{"count":3,"href":"http:\/\/web.philo.ulg.ac.be\/epistolart_bd\/wp-json\/wp\/v2\/posts\/188\/revisions"}],"predecessor-version":[{"id":1294,"href":"http:\/\/web.philo.ulg.ac.be\/epistolart_bd\/wp-json\/wp\/v2\/posts\/188\/revisions\/1294"}],"wp:featuredmedia":[{"embeddable":true,"href":"http:\/\/web.philo.ulg.ac.be\/epistolart_bd\/wp-json\/wp\/v2\/media\/796"}],"wp:attachment":[{"href":"http:\/\/web.philo.ulg.ac.be\/epistolart_bd\/wp-json\/wp\/v2\/media?parent=188"}],"wp:term":[{"taxonomy":"category","embeddable":true,"href":"http:\/\/web.philo.ulg.ac.be\/epistolart_bd\/wp-json\/wp\/v2\/categories?post=188"},{"taxonomy":"post_tag","embeddable":true,"href":"http:\/\/web.philo.ulg.ac.be\/epistolart_bd\/wp-json\/wp\/v2\/tags?post=188"}],"curies":[{"name":"wp","href":"https:\/\/api.w.org\/{rel}","templated":true}]}}