{"id":190,"date":"2015-02-13T14:13:09","date_gmt":"2015-02-13T13:13:09","guid":{"rendered":"http:\/\/web.philo.ulg.ac.be\/epistolart_bd\/?p=190"},"modified":"2018-09-19T16:39:26","modified_gmt":"2018-09-19T14:39:26","slug":"journee-du-groupe-de-contact-en-ecdotique-moderne-problematiques-et-methodologies-ecdotiques-quelques-exemples-italiens","status":"publish","type":"post","link":"http:\/\/web.philo.ulg.ac.be\/epistolart_bd\/2015\/02\/13\/journee-du-groupe-de-contact-en-ecdotique-moderne-problematiques-et-methodologies-ecdotiques-quelques-exemples-italiens\/","title":{"rendered":"Journ\u00e9e du Groupe de contact en Ecdotique Moderne \u00ab Probl\u00e9matiques et m\u00e9thodologies ecdotiques. Quelques exemples italiens \u00bb"},"content":{"rendered":"<h3 style=\"text-align: justify;\" data-canvas-width=\"111.28333271129836\">Universit\u00e9 de Li\u00e8ge, 13 f\u00e9vrier 2015<\/h3>\n<p style=\"text-align: justify;\"><strong>Communications de Cristiano Amendola et Gianluca Valenti.<\/strong><\/p>\n<p style=\"text-align: justify;\">Cristiano Amendola l <em>Paratexte et syst\u00e8me paragraph\u00e9matique : valeur s\u00e9mantique et probl\u00e8mes \u00e9ditoriaux<\/em><\/p>\n<p style=\"text-align: justify;\">Gianluca Valenti l <em>Tout le monde ne peut pas lire une lettre. Le r\u00f4le du philologue dans l\u2019\u00e9dition de textes \u00e9pistolaires\u00a0: questions linguistiques<\/em><\/p>\n<p style=\"text-align: justify;\">Organisateurs\u00a0: Cristiano Amendola et Gianluca Valenti<\/p>\n<p style=\"text-align: justify;\"><strong>T\u00c9L\u00c9CHARGEMENTS<\/strong><\/p>\n<p><a href=\"http:\/\/web.philo.ulg.ac.be\/epistolart_bd\/wp-content\/uploads\/sites\/46\/2018\/09\/03.-GV-Tout-le-monde.pdf\" target=\"_blank\" rel=\"noopener\">T\u00e9l\u00e9charger le programme<\/a><\/p>\n<p><a href=\"http:\/\/web.philo.ulg.ac.be\/epistolart_bd\/wp-content\/uploads\/sites\/46\/2018\/09\/03.-GV-Tout-le-monde-II.pdf\" target=\"_blank\" rel=\"noopener\">T\u00e9l\u00e9charger l&rsquo;affiche<\/a><\/p>\n","protected":false},"excerpt":{"rendered":"<p>Universit\u00e9 de Li\u00e8ge, 13 f\u00e9vrier 2015 Communications de Cristiano Amendola et Gianluca Valenti. Cristiano Amendola l Paratexte et syst\u00e8me paragraph\u00e9matique : valeur s\u00e9mantique et probl\u00e8mes \u00e9ditoriaux Gianluca Valenti l Tout le monde ne peut pas lire une lettre. Le r\u00f4le du philologue dans l\u2019\u00e9dition de textes \u00e9pistolaires\u00a0: questions linguistiques Organisateurs\u00a0: Cristiano Amendola et Gianluca Valenti [&hellip;]<\/p>\n","protected":false},"author":2,"featured_media":795,"comment_status":"closed","ping_status":"closed","sticky":false,"template":"","format":"standard","meta":{"footnotes":""},"categories":[7],"tags":[],"class_list":["post-190","post","type-post","status-publish","format-standard","has-post-thumbnail","hentry","category-activites-manifestations-scientifiques"],"_links":{"self":[{"href":"http:\/\/web.philo.ulg.ac.be\/epistolart_bd\/wp-json\/wp\/v2\/posts\/190","targetHints":{"allow":["GET"]}}],"collection":[{"href":"http:\/\/web.philo.ulg.ac.be\/epistolart_bd\/wp-json\/wp\/v2\/posts"}],"about":[{"href":"http:\/\/web.philo.ulg.ac.be\/epistolart_bd\/wp-json\/wp\/v2\/types\/post"}],"author":[{"embeddable":true,"href":"http:\/\/web.philo.ulg.ac.be\/epistolart_bd\/wp-json\/wp\/v2\/users\/2"}],"replies":[{"embeddable":true,"href":"http:\/\/web.philo.ulg.ac.be\/epistolart_bd\/wp-json\/wp\/v2\/comments?post=190"}],"version-history":[{"count":2,"href":"http:\/\/web.philo.ulg.ac.be\/epistolart_bd\/wp-json\/wp\/v2\/posts\/190\/revisions"}],"predecessor-version":[{"id":861,"href":"http:\/\/web.philo.ulg.ac.be\/epistolart_bd\/wp-json\/wp\/v2\/posts\/190\/revisions\/861"}],"wp:featuredmedia":[{"embeddable":true,"href":"http:\/\/web.philo.ulg.ac.be\/epistolart_bd\/wp-json\/wp\/v2\/media\/795"}],"wp:attachment":[{"href":"http:\/\/web.philo.ulg.ac.be\/epistolart_bd\/wp-json\/wp\/v2\/media?parent=190"}],"wp:term":[{"taxonomy":"category","embeddable":true,"href":"http:\/\/web.philo.ulg.ac.be\/epistolart_bd\/wp-json\/wp\/v2\/categories?post=190"},{"taxonomy":"post_tag","embeddable":true,"href":"http:\/\/web.philo.ulg.ac.be\/epistolart_bd\/wp-json\/wp\/v2\/tags?post=190"}],"curies":[{"name":"wp","href":"https:\/\/api.w.org\/{rel}","templated":true}]}}