{"id":241,"date":"2015-12-06T15:00:37","date_gmt":"2015-12-06T14:00:37","guid":{"rendered":"http:\/\/web.philo.ulg.ac.be\/epistolart_bd\/?p=241"},"modified":"2018-09-19T14:53:29","modified_gmt":"2018-09-19T12:53:29","slug":"laure-fagnart-et-helene-miesse-perche-havemo-bisogno-ancora-de-maestro-leonardo","status":"publish","type":"post","link":"http:\/\/web.philo.ulg.ac.be\/epistolart_bd\/2015\/12\/06\/laure-fagnart-et-helene-miesse-perche-havemo-bisogno-ancora-de-maestro-leonardo\/","title":{"rendered":"Laure Fagnart et H\u00e9l\u00e8ne Miesse &#8211; \u00ab Perch\u00e9 havemo bisogno ancora de maestro Leonardo \u00bb"},"content":{"rendered":"<p style=\"text-align: justify;\">Cette contribution propose une nouvelle \u00e9dition des lettres \u00e9chang\u00e9es entre Charles II Chaumont d\u2019Amboise, neveu de l\u2019influent cardinal Georges Ier d\u2019Amboise et lieutenant g\u00e9n\u00e9ral du roi Louis XII dans le duch\u00e9 de Milan, Geoffroy Carles, pr\u00e9sident du S\u00e9nat de Milan, avec le titre de vice-chancelier, et Piero Soderini, gonfalonier de la Seigneurie de Florence, entre ao\u00fbt et d\u00e9cembre 1506. Ces lettres constituent les premi\u00e8res sources qui attestent de l\u2019int\u00e9r\u00eat des Fran\u00e7ais pour L\u00e9onard de Vinci et ses projets. Bien connues des sp\u00e9cialistes, ces correspondances m\u00e9ritent toutefois d\u2019\u00eatre encore interrog\u00e9es, notamment en se concentrant sur les termes employ\u00e9s, ce qui constitue l\u2019un des mots d\u2019ordre du projet EpistolART.<\/p>\n<h3 style=\"text-align: justify;\">Fagnart Laure, Miesse H\u00e9l\u00e8ne, \u00ab \u201cPerch\u00e9 havemo bisogno ancora de maestro Leonardo\u201d. L\u00e9onard de Vinci au service de Charles II Chaumont d\u2019Amboise \u00bb, in <em>Raccolta Vinciana<\/em>, 36 (2015), p. 47-76.<\/h3>\n","protected":false},"excerpt":{"rendered":"<p>Cette contribution propose une nouvelle \u00e9dition des lettres \u00e9chang\u00e9es entre Charles II Chaumont d\u2019Amboise, neveu de l\u2019influent cardinal Georges Ier d\u2019Amboise et lieutenant g\u00e9n\u00e9ral du roi Louis XII dans le duch\u00e9 de Milan, Geoffroy Carles, pr\u00e9sident du S\u00e9nat de Milan, avec le titre de vice-chancelier, et Piero Soderini, gonfalonier de la Seigneurie de Florence, entre [&hellip;]<\/p>\n","protected":false},"author":2,"featured_media":789,"comment_status":"closed","ping_status":"closed","sticky":false,"template":"","format":"standard","meta":{"footnotes":""},"categories":[9],"tags":[],"class_list":["post-241","post","type-post","status-publish","format-standard","has-post-thumbnail","hentry","category-activites-publications"],"_links":{"self":[{"href":"http:\/\/web.philo.ulg.ac.be\/epistolart_bd\/wp-json\/wp\/v2\/posts\/241","targetHints":{"allow":["GET"]}}],"collection":[{"href":"http:\/\/web.philo.ulg.ac.be\/epistolart_bd\/wp-json\/wp\/v2\/posts"}],"about":[{"href":"http:\/\/web.philo.ulg.ac.be\/epistolart_bd\/wp-json\/wp\/v2\/types\/post"}],"author":[{"embeddable":true,"href":"http:\/\/web.philo.ulg.ac.be\/epistolart_bd\/wp-json\/wp\/v2\/users\/2"}],"replies":[{"embeddable":true,"href":"http:\/\/web.philo.ulg.ac.be\/epistolart_bd\/wp-json\/wp\/v2\/comments?post=241"}],"version-history":[{"count":1,"href":"http:\/\/web.philo.ulg.ac.be\/epistolart_bd\/wp-json\/wp\/v2\/posts\/241\/revisions"}],"predecessor-version":[{"id":242,"href":"http:\/\/web.philo.ulg.ac.be\/epistolart_bd\/wp-json\/wp\/v2\/posts\/241\/revisions\/242"}],"wp:featuredmedia":[{"embeddable":true,"href":"http:\/\/web.philo.ulg.ac.be\/epistolart_bd\/wp-json\/wp\/v2\/media\/789"}],"wp:attachment":[{"href":"http:\/\/web.philo.ulg.ac.be\/epistolart_bd\/wp-json\/wp\/v2\/media?parent=241"}],"wp:term":[{"taxonomy":"category","embeddable":true,"href":"http:\/\/web.philo.ulg.ac.be\/epistolart_bd\/wp-json\/wp\/v2\/categories?post=241"},{"taxonomy":"post_tag","embeddable":true,"href":"http:\/\/web.philo.ulg.ac.be\/epistolart_bd\/wp-json\/wp\/v2\/tags?post=241"}],"curies":[{"name":"wp","href":"https:\/\/api.w.org\/{rel}","templated":true}]}}