{"id":273,"date":"2016-05-20T10:56:41","date_gmt":"2016-05-20T08:56:41","guid":{"rendered":"http:\/\/web.philo.ulg.ac.be\/epistolart_bd\/?p=273"},"modified":"2019-01-14T12:06:04","modified_gmt":"2019-01-14T11:06:04","slug":"antonio-geremicca-francesco-salviati-spirito-veramente-pellegrino-ed-eletto","status":"publish","type":"post","link":"http:\/\/web.philo.ulg.ac.be\/epistolart_bd\/2016\/05\/20\/antonio-geremicca-francesco-salviati-spirito-veramente-pellegrino-ed-eletto\/","title":{"rendered":"Antonio Geremicca &#8211; Francesco Salviati \u00ab spirito veramente pellegrino ed eletto \u00bb"},"content":{"rendered":"<p style=\"text-align: justify;\">Riconosciuto campione della stagione manierista tra Firenze e Roma, Francesco Salviati (1510-1563) fu certamente uno degli artisti pi\u00f9 dotati della sua epoca. Giorgio Vasari, che del pittore fu amico sin dalla giovinezza, annotava ne\u00a0Le vite dei pi\u00f9 eccellenti pittori, scultori et architettori\u00a0[1568]: \u00abFrancesco in tutte le sue cose fu sempre di gran giudizio, vario e copioso d\u2019invenzione, e, ch\u2019\u00e8 pi\u00f9, possedeva le cose del disegno et aveva pi\u00f9 bella maniera che qualunche altro fusse allora a Fiorenza, et i colori maneggiava con molta pratica e vaghezza\u00bb. Cecchino fu, difatti, artista dalla fervida immaginazione, disegnatore prolifico, colorista eccezionale. Ancora e soprattutto, lo riconoscevano gi\u00e0 i contemporanei, fu pittore dalle \u00abbellissime et vaghissime inventioni\u00bb (Remigio Nannini), che gli elaborava, sempre nuove e \u201cbizzarre\u201d, per grandi cicli decorativi ad affresco, pale d\u2019altare, arazzi, oreficerie, apparati scenografici, illustrazioni di libri miniati e a stampa.<\/p>\n<p style=\"text-align: justify;\">A seguito dell\u2019importante mostra monografica dedicata all\u2019artista da Catherine Monbeig Goguel nel 1998, e degli studi che da quell\u2019evento scaturirono, questo volume, attraverso i nove saggi che lo compongono, prova a ricostruire i primi anni della carriera del pittore, dalla fine degli anni Trenta alla prima met\u00e0 dei Quaranta, ponendo l\u2019accento su alcuni aspetti del suo percorso e della sua attivit\u00e0 che attendono di essere valorizzati ed esplorati. Sono questi anni, infatti, densissimi, con l\u2019artista in continuo movimento: prima da Roma a Firenze; poi al nord, tra Bologna e Venezia, addirittura a Genova; infine, sulla strada di ritorno verso la citt\u00e0 pontificia, a Verona e Mantova.<\/p>\n<p style=\"text-align: justify;\">I contributi si soffermano, in particolare, sulla ricostruzione dei rapporti intrecciati da Francesco con Perino del Vaga e Jacopino del Conte intorno al cantiere di San Giovanni Decollato e con Pietro Aretino e altri letterati suoi contemporanei, cui l\u2019artista deve una fama precocissima ancora in vita. Grande spazio \u00e8 dato al soggiorno nella citt\u00e0 lagunare, del quale se ne indaga, inoltre, la ricaduta nello stesso contesto veneto, in artisti quali Giuseppe Porta Salviati e Tiziano.<\/p>\n<h3>Antonio Geremicca (dir.), <em>Francesco Salviati \u00abspirito veramente pellegrino ed eletto\u00bb<\/em>, Roma, Campisano Editore, 2016.<\/h3>\n<p style=\"text-align: justify;\">Pr\u00e9sentation de l&rsquo;ouvrage \u00e0 Rome le 20 mai 2016.<\/p>\n<p><strong>T\u00c9L\u00c9CHARGEMENTS<\/strong><\/p>\n<p><a href=\"http:\/\/web.philo.ulg.ac.be\/epistolart_bd\/wp-content\/uploads\/sites\/46\/2018\/09\/Table_des_matieres_Salviati.pdf\" target=\"_blank\" rel=\"noopener\">Table des mati\u00e8res<\/a><\/p>\n<p><a href=\"http:\/\/web.philo.ulg.ac.be\/epistolart_bd\/wp-content\/uploads\/sites\/46\/2018\/09\/salviati-document.pdf\" target=\"_blank\" rel=\"noopener\">Programme de la pr\u00e9sentation<\/a><\/p>\n<p><strong>LIENS<\/strong><\/p>\n<p><a href=\"http:\/\/www.campisanoeditore.it\/\" target=\"_blank\" rel=\"noopener\">Vers le site de l&rsquo;\u00e9diteur<\/a><\/p>\n","protected":false},"excerpt":{"rendered":"<p>Riconosciuto campione della stagione manierista tra Firenze e Roma, Francesco Salviati (1510-1563) fu certamente uno degli artisti pi\u00f9 dotati della sua epoca. Giorgio Vasari, che del pittore fu amico sin dalla giovinezza, annotava ne\u00a0Le vite dei pi\u00f9 eccellenti pittori, scultori et architettori\u00a0[1568]: \u00abFrancesco in tutte le sue cose fu sempre di gran giudizio, vario e [&hellip;]<\/p>\n","protected":false},"author":2,"featured_media":784,"comment_status":"closed","ping_status":"closed","sticky":false,"template":"","format":"standard","meta":{"footnotes":""},"categories":[9],"tags":[],"class_list":["post-273","post","type-post","status-publish","format-standard","has-post-thumbnail","hentry","category-activites-publications"],"_links":{"self":[{"href":"http:\/\/web.philo.ulg.ac.be\/epistolart_bd\/wp-json\/wp\/v2\/posts\/273","targetHints":{"allow":["GET"]}}],"collection":[{"href":"http:\/\/web.philo.ulg.ac.be\/epistolart_bd\/wp-json\/wp\/v2\/posts"}],"about":[{"href":"http:\/\/web.philo.ulg.ac.be\/epistolart_bd\/wp-json\/wp\/v2\/types\/post"}],"author":[{"embeddable":true,"href":"http:\/\/web.philo.ulg.ac.be\/epistolart_bd\/wp-json\/wp\/v2\/users\/2"}],"replies":[{"embeddable":true,"href":"http:\/\/web.philo.ulg.ac.be\/epistolart_bd\/wp-json\/wp\/v2\/comments?post=273"}],"version-history":[{"count":3,"href":"http:\/\/web.philo.ulg.ac.be\/epistolart_bd\/wp-json\/wp\/v2\/posts\/273\/revisions"}],"predecessor-version":[{"id":1315,"href":"http:\/\/web.philo.ulg.ac.be\/epistolart_bd\/wp-json\/wp\/v2\/posts\/273\/revisions\/1315"}],"wp:featuredmedia":[{"embeddable":true,"href":"http:\/\/web.philo.ulg.ac.be\/epistolart_bd\/wp-json\/wp\/v2\/media\/784"}],"wp:attachment":[{"href":"http:\/\/web.philo.ulg.ac.be\/epistolart_bd\/wp-json\/wp\/v2\/media?parent=273"}],"wp:term":[{"taxonomy":"category","embeddable":true,"href":"http:\/\/web.philo.ulg.ac.be\/epistolart_bd\/wp-json\/wp\/v2\/categories?post=273"},{"taxonomy":"post_tag","embeddable":true,"href":"http:\/\/web.philo.ulg.ac.be\/epistolart_bd\/wp-json\/wp\/v2\/tags?post=273"}],"curies":[{"name":"wp","href":"https:\/\/api.w.org\/{rel}","templated":true}]}}