{"id":285,"date":"2016-06-09T11:06:25","date_gmt":"2016-06-09T09:06:25","guid":{"rendered":"http:\/\/web.philo.ulg.ac.be\/epistolart_bd\/?p=285"},"modified":"2018-09-20T10:38:47","modified_gmt":"2018-09-20T08:38:47","slug":"xi-congresso-degli-italianisti-scandinavi","status":"publish","type":"post","link":"http:\/\/web.philo.ulg.ac.be\/epistolart_bd\/2016\/06\/09\/xi-congresso-degli-italianisti-scandinavi\/","title":{"rendered":"XI Congresso degli Italianisti Scandinavi"},"content":{"rendered":"<h3>Universit\u00e9 de Dalarna (Falun, Su\u00e8de), 9-11 juin 2016<\/h3>\n<p><strong>Communication d&rsquo;Alessandro Aresti : \u00ab Andrea Mantegna allo scrittoio. Alcune note filologiche e linguistiche alle sue lettere \u00bb<\/strong><\/p>\n<p><strong>T\u00c9L\u00c9CHARGEMENTS<\/strong><\/p>\n<p><a href=\"http:\/\/web.philo.ulg.ac.be\/epistolart_bd\/wp-content\/uploads\/sites\/46\/2018\/09\/XI_Congresso_Italianisti_scandinavi_programma.pdf\" target=\"_blank\" rel=\"noopener\">T\u00e9l\u00e9charger le programme<\/a><\/p>\n","protected":false},"excerpt":{"rendered":"<p>Universit\u00e9 de Dalarna (Falun, Su\u00e8de), 9-11 juin 2016 Communication d&rsquo;Alessandro Aresti : \u00ab Andrea Mantegna allo scrittoio. Alcune note filologiche e linguistiche alle sue lettere \u00bb T\u00c9L\u00c9CHARGEMENTS T\u00e9l\u00e9charger le programme<\/p>\n","protected":false},"author":2,"featured_media":783,"comment_status":"closed","ping_status":"closed","sticky":false,"template":"","format":"standard","meta":{"footnotes":""},"categories":[6],"tags":[],"class_list":["post-285","post","type-post","status-publish","format-standard","has-post-thumbnail","hentry","category-activites-conferences-et-communications"],"_links":{"self":[{"href":"http:\/\/web.philo.ulg.ac.be\/epistolart_bd\/wp-json\/wp\/v2\/posts\/285","targetHints":{"allow":["GET"]}}],"collection":[{"href":"http:\/\/web.philo.ulg.ac.be\/epistolart_bd\/wp-json\/wp\/v2\/posts"}],"about":[{"href":"http:\/\/web.philo.ulg.ac.be\/epistolart_bd\/wp-json\/wp\/v2\/types\/post"}],"author":[{"embeddable":true,"href":"http:\/\/web.philo.ulg.ac.be\/epistolart_bd\/wp-json\/wp\/v2\/users\/2"}],"replies":[{"embeddable":true,"href":"http:\/\/web.philo.ulg.ac.be\/epistolart_bd\/wp-json\/wp\/v2\/comments?post=285"}],"version-history":[{"count":2,"href":"http:\/\/web.philo.ulg.ac.be\/epistolart_bd\/wp-json\/wp\/v2\/posts\/285\/revisions"}],"predecessor-version":[{"id":892,"href":"http:\/\/web.philo.ulg.ac.be\/epistolart_bd\/wp-json\/wp\/v2\/posts\/285\/revisions\/892"}],"wp:featuredmedia":[{"embeddable":true,"href":"http:\/\/web.philo.ulg.ac.be\/epistolart_bd\/wp-json\/wp\/v2\/media\/783"}],"wp:attachment":[{"href":"http:\/\/web.philo.ulg.ac.be\/epistolart_bd\/wp-json\/wp\/v2\/media?parent=285"}],"wp:term":[{"taxonomy":"category","embeddable":true,"href":"http:\/\/web.philo.ulg.ac.be\/epistolart_bd\/wp-json\/wp\/v2\/categories?post=285"},{"taxonomy":"post_tag","embeddable":true,"href":"http:\/\/web.philo.ulg.ac.be\/epistolart_bd\/wp-json\/wp\/v2\/tags?post=285"}],"curies":[{"name":"wp","href":"https:\/\/api.w.org\/{rel}","templated":true}]}}