{"id":293,"date":"2016-06-15T11:12:03","date_gmt":"2016-06-15T09:12:03","guid":{"rendered":"http:\/\/web.philo.ulg.ac.be\/epistolart_bd\/?p=293"},"modified":"2018-09-20T10:36:38","modified_gmt":"2018-09-20T08:36:38","slug":"colloque-des-mots-pour-la-theorie-des-mots-pour-la-pratique","status":"publish","type":"post","link":"http:\/\/web.philo.ulg.ac.be\/epistolart_bd\/2016\/06\/15\/colloque-des-mots-pour-la-theorie-des-mots-pour-la-pratique\/","title":{"rendered":"Colloque \u00ab\u00a0Des mots pour la th\u00e9orie, des mots pour la pratique\u00a0\u00bb"},"content":{"rendered":"<h3>Montpellier,\u00a0 Universit\u00e9 Paul-Val\u00e9ry, 15-17 juin 2016<\/h3>\n<p><strong>Participation d&rsquo;Annick Delfosse \u00e0 la table ronde du 16 juin intitul\u00e9e \u00ab\u00a0Humanit\u00e9s Num\u00e9riques et th\u00e9orie de l\u2019art\u00a0\u00bb<\/strong><\/p>\n<p>Sous la direction de : Mich\u00e8le-Caroline Heck (professeur d\u2019histoire de l\u2019art moderne, Universit\u00e9 Paul-Val\u00e9ry Montpellier 3), Marianne Freyssinet (post-doctorante, Universit\u00e9 Paul-Val\u00e9ry Montpellier 3) et l\u2019\u00e9quipe LexArt.<\/p>\n<p style=\"text-align: justify;\"><strong>T\u00c9L\u00c9CHARGEMENTS<\/strong><\/p>\n<p style=\"text-align: justify;\"><a href=\"http:\/\/web.philo.ulg.ac.be\/epistolart_bd\/wp-content\/uploads\/sites\/46\/2018\/09\/Colloque_LexArt_programme-page-1.jpg\" target=\"_blank\" rel=\"noopener\">T\u00e9l\u00e9charger l&rsquo;affiche<\/a><\/p>\n","protected":false},"excerpt":{"rendered":"<p>Montpellier,\u00a0 Universit\u00e9 Paul-Val\u00e9ry, 15-17 juin 2016 Participation d&rsquo;Annick Delfosse \u00e0 la table ronde du 16 juin intitul\u00e9e \u00ab\u00a0Humanit\u00e9s Num\u00e9riques et th\u00e9orie de l\u2019art\u00a0\u00bb Sous la direction de : Mich\u00e8le-Caroline Heck (professeur d\u2019histoire de l\u2019art moderne, Universit\u00e9 Paul-Val\u00e9ry Montpellier 3), Marianne Freyssinet (post-doctorante, Universit\u00e9 Paul-Val\u00e9ry Montpellier 3) et l\u2019\u00e9quipe LexArt. T\u00c9L\u00c9CHARGEMENTS T\u00e9l\u00e9charger l&rsquo;affiche<\/p>\n","protected":false},"author":2,"featured_media":779,"comment_status":"closed","ping_status":"closed","sticky":false,"template":"","format":"standard","meta":{"footnotes":""},"categories":[6],"tags":[],"class_list":["post-293","post","type-post","status-publish","format-standard","has-post-thumbnail","hentry","category-activites-conferences-et-communications"],"_links":{"self":[{"href":"http:\/\/web.philo.ulg.ac.be\/epistolart_bd\/wp-json\/wp\/v2\/posts\/293","targetHints":{"allow":["GET"]}}],"collection":[{"href":"http:\/\/web.philo.ulg.ac.be\/epistolart_bd\/wp-json\/wp\/v2\/posts"}],"about":[{"href":"http:\/\/web.philo.ulg.ac.be\/epistolart_bd\/wp-json\/wp\/v2\/types\/post"}],"author":[{"embeddable":true,"href":"http:\/\/web.philo.ulg.ac.be\/epistolart_bd\/wp-json\/wp\/v2\/users\/2"}],"replies":[{"embeddable":true,"href":"http:\/\/web.philo.ulg.ac.be\/epistolart_bd\/wp-json\/wp\/v2\/comments?post=293"}],"version-history":[{"count":3,"href":"http:\/\/web.philo.ulg.ac.be\/epistolart_bd\/wp-json\/wp\/v2\/posts\/293\/revisions"}],"predecessor-version":[{"id":889,"href":"http:\/\/web.philo.ulg.ac.be\/epistolart_bd\/wp-json\/wp\/v2\/posts\/293\/revisions\/889"}],"wp:featuredmedia":[{"embeddable":true,"href":"http:\/\/web.philo.ulg.ac.be\/epistolart_bd\/wp-json\/wp\/v2\/media\/779"}],"wp:attachment":[{"href":"http:\/\/web.philo.ulg.ac.be\/epistolart_bd\/wp-json\/wp\/v2\/media?parent=293"}],"wp:term":[{"taxonomy":"category","embeddable":true,"href":"http:\/\/web.philo.ulg.ac.be\/epistolart_bd\/wp-json\/wp\/v2\/categories?post=293"},{"taxonomy":"post_tag","embeddable":true,"href":"http:\/\/web.philo.ulg.ac.be\/epistolart_bd\/wp-json\/wp\/v2\/tags?post=293"}],"curies":[{"name":"wp","href":"https:\/\/api.w.org\/{rel}","templated":true}]}}