{"id":309,"date":"2016-08-18T11:53:42","date_gmt":"2016-08-18T09:53:42","guid":{"rendered":"http:\/\/web.philo.ulg.ac.be\/epistolart_bd\/?p=309"},"modified":"2018-09-20T10:30:43","modified_gmt":"2018-09-20T08:30:43","slug":"10e-congres-de-lassociation-des-cercles-francophones-dhistoire-et-darcheologie-de-belgique-lviie-congres-de-la-federation-francophone-des-cercles-darcheologie-et","status":"publish","type":"post","link":"http:\/\/web.philo.ulg.ac.be\/epistolart_bd\/2016\/08\/18\/10e-congres-de-lassociation-des-cercles-francophones-dhistoire-et-darcheologie-de-belgique-lviie-congres-de-la-federation-francophone-des-cercles-darcheologie-et\/","title":{"rendered":"10e Congr\u00e8s de l\u2019Association des cercles francophones d\u2019Histoire et d\u2019Arch\u00e9ologie de Belgique &#038; LVIIe Congr\u00e8s de la F\u00e9d\u00e9ration francophone des cercles d\u2019Arch\u00e9ologie et d\u2019Histoire de Belgique"},"content":{"rendered":"<h3 style=\"text-align: justify;\">Arlon, 18-20 ao\u00fbt 2016<\/h3>\n<p style=\"text-align: justify;\"><strong>Conf\u00e9rence d&rsquo;Annick Delfosse et Laure Fagnart, \u00ab Le projet EpistolART \u00e0 la lumi\u00e8re de certaines lettres \u00e9voquant L\u00e9onard de Vinci \u00bb<\/strong><\/p>\n<p style=\"text-align: justify;\">Les congr\u00e8s de l\u2019Association des cercles francophones d\u2019Histoire et d\u2019Arch\u00e9ologie de Belgique sont organis\u00e9s tous les quatre ans. Ils contribuent \u00e0 la diffusion des acquis de la recherche et permettent la discussion autour d\u2019hypoth\u00e8ses de travail. Ouverts aux chercheurs, professionnels et amateurs, ils soutiennent les \u00e9changes et les rencontres autour de questions d\u2019historiographie, d\u2019histoire politique, institutionnelle, militaire et des relations internationales, d\u2019arch\u00e9ologie, d\u2019histoire de l\u2019art, d\u2019histoire des religions et des mouvements philosophiques, d\u2019archives et de nouvelles techniques de conservation, de patrimoine et de culture mat\u00e9rielle, d\u2019ethnographie et de patrimoine immat\u00e9riel. Annick Delfosse et Laure Fagnart y ont pr\u00e9sent\u00e9 la base de donn\u00e9es EpistolART avant de s&rsquo;arr\u00eater sur quelques lettres de L\u00e9onard de Vinci dont les membres de l\u2019\u00e9quipe proposent une nouvelle \u00e9dition..<\/p>\n<p style=\"text-align: justify;\"><strong>T\u00c9L\u00c9CHARGEMENTS<\/strong><\/p>\n<p style=\"text-align: justify;\"><a href=\"http:\/\/web.philo.ulg.ac.be\/epistolart_bd\/wp-content\/uploads\/sites\/46\/2018\/09\/Archives-Arlon-ao\u00fbt-2016.pdf\" target=\"_blank\" rel=\"noopener\">T\u00e9l\u00e9charger le document de pr\u00e9sentation<\/a><\/p>\n","protected":false},"excerpt":{"rendered":"<p>Arlon, 18-20 ao\u00fbt 2016 Conf\u00e9rence d&rsquo;Annick Delfosse et Laure Fagnart, \u00ab Le projet EpistolART \u00e0 la lumi\u00e8re de certaines lettres \u00e9voquant L\u00e9onard de Vinci \u00bb Les congr\u00e8s de l\u2019Association des cercles francophones d\u2019Histoire et d\u2019Arch\u00e9ologie de Belgique sont organis\u00e9s tous les quatre ans. Ils contribuent \u00e0 la diffusion des acquis de la recherche et permettent [&hellip;]<\/p>\n","protected":false},"author":2,"featured_media":776,"comment_status":"closed","ping_status":"closed","sticky":false,"template":"","format":"standard","meta":{"footnotes":""},"categories":[6],"tags":[],"class_list":["post-309","post","type-post","status-publish","format-standard","has-post-thumbnail","hentry","category-activites-conferences-et-communications"],"_links":{"self":[{"href":"http:\/\/web.philo.ulg.ac.be\/epistolart_bd\/wp-json\/wp\/v2\/posts\/309","targetHints":{"allow":["GET"]}}],"collection":[{"href":"http:\/\/web.philo.ulg.ac.be\/epistolart_bd\/wp-json\/wp\/v2\/posts"}],"about":[{"href":"http:\/\/web.philo.ulg.ac.be\/epistolart_bd\/wp-json\/wp\/v2\/types\/post"}],"author":[{"embeddable":true,"href":"http:\/\/web.philo.ulg.ac.be\/epistolart_bd\/wp-json\/wp\/v2\/users\/2"}],"replies":[{"embeddable":true,"href":"http:\/\/web.philo.ulg.ac.be\/epistolart_bd\/wp-json\/wp\/v2\/comments?post=309"}],"version-history":[{"count":3,"href":"http:\/\/web.philo.ulg.ac.be\/epistolart_bd\/wp-json\/wp\/v2\/posts\/309\/revisions"}],"predecessor-version":[{"id":882,"href":"http:\/\/web.philo.ulg.ac.be\/epistolart_bd\/wp-json\/wp\/v2\/posts\/309\/revisions\/882"}],"wp:featuredmedia":[{"embeddable":true,"href":"http:\/\/web.philo.ulg.ac.be\/epistolart_bd\/wp-json\/wp\/v2\/media\/776"}],"wp:attachment":[{"href":"http:\/\/web.philo.ulg.ac.be\/epistolart_bd\/wp-json\/wp\/v2\/media?parent=309"}],"wp:term":[{"taxonomy":"category","embeddable":true,"href":"http:\/\/web.philo.ulg.ac.be\/epistolart_bd\/wp-json\/wp\/v2\/categories?post=309"},{"taxonomy":"post_tag","embeddable":true,"href":"http:\/\/web.philo.ulg.ac.be\/epistolart_bd\/wp-json\/wp\/v2\/tags?post=309"}],"curies":[{"name":"wp","href":"https:\/\/api.w.org\/{rel}","templated":true}]}}