{"id":336,"date":"2016-10-14T14:19:25","date_gmt":"2016-10-14T12:19:25","guid":{"rendered":"http:\/\/web.philo.ulg.ac.be\/epistolart_bd\/?p=336"},"modified":"2018-09-20T10:27:35","modified_gmt":"2018-09-20T08:27:35","slug":"colloque-lecriture-epistolaire-entre-renaissance-et-age-baroque","status":"publish","type":"post","link":"http:\/\/web.philo.ulg.ac.be\/epistolart_bd\/2016\/10\/14\/colloque-lecriture-epistolaire-entre-renaissance-et-age-baroque\/","title":{"rendered":"Colloque \u00ab\u00a0L\u2019\u00e9criture \u00e9pistolaire entre Renaissance et \u00c2ge baroque\u00a0\u00bb"},"content":{"rendered":"<h3>Paris, 13-14 octobre 2016<\/h3>\n<p><strong>Communications de Laure Fagnart, Claudia Marconato et H\u00e9l\u00e8ne Miesse.<\/strong><\/p>\n<p style=\"text-align: justify;\">L\u2019\u00e9quipe d\u2019EpistolART a pris part au colloque international <em>L\u2019\u00e9criture \u00e9pistolaire entre Renaissance et \u00c2ge baroque. Pratiques, enjeux, pistes de recherche<\/em>, un colloque organis\u00e9 par le CIRRI (Centre Interuniversitaire de Recherche sur la Renaissance Italienne) \u00b7 EA 3979 \u2013 LECEMO de l\u2019Universit\u00e9 Sorbonne Nouvelle-Paris 3, en partenariat avec la Biblioth\u00e8que Mazarine.<\/p>\n<p style=\"text-align: justify;\">Ce colloque \u2013 organis\u00e9 par Carlo Alberto Girotto et Corinne Lucas-Fiorato \u2013 a propos\u00e9 un \u00e9tat des lieux des recherches en cours sur les formes de l\u2019\u00e9criture \u00e9pistolaire \u00e0 la Renaissance et \u00e0 l\u2019\u00e2ge baroque (1450-1700). R\u00e9solument multidisciplinaire (litt\u00e9rature, histoire, histoire du livre, histoire de l\u2019art, histoire des id\u00e9es, \u2026), cette manifestation a consid\u00e9r\u00e9 la lettre comme un t\u00e9moin privil\u00e9gi\u00e9 d\u2019un contexte culturel plus vaste dont l\u2019\u00e9tude peut contribuer \u00e0 enrichir nos connaissances sur cette \u00e9poque. Ont \u00e9t\u00e9 notamment \u00e9voqu\u00e9s la question du r\u00f4le de la correspondance \u00ab publique \u00bb et de la correspondance \u00ab priv\u00e9e \u00bb, du rapport entre \u00e9criture \u00e9pistolaire et cr\u00e9ation de la R\u00e9publique des Lettres, ou celle de la circulation des lettres. Une place importante a \u00e9galement \u00e9t\u00e9 accord\u00e9e aux projets \u00e9ditoriaux et num\u00e9riques actuellement en cours, parmi lesquels Archilet et EpistolART.<\/p>\n<p style=\"text-align: justify;\">Laure Fagnart | <em>Le projet EpistolART \u00e0 la lumi\u00e8re de certaines lettres \u00e9voquant L\u00e9onard de Vinci<\/em><br \/>\nClaudia Marconato | <em>Des lettres et des m\u00e9dailles : les \u00e9changes \u00e9rudits de Sebastiano Erizzo, \u00e0 l\u2019origine de la numismatique comme science historique<\/em><br \/>\nH\u00e9l\u00e8ne Miesse | <em>La labile frontiera tra pubblico e privato negli scritti di Francesco Guicciardini: il caso delle lettere e dei discorsi politici del 1525<\/em><br \/>\nAntonio Geremicca a pris part aux d\u00e9bats, comme Paola Moreno qui \u00e9tait, en outre, membre du comit\u00e9 scientifique.<\/p>\n<p style=\"text-align: justify;\"><strong>T\u00c9L\u00c9CHARGEMENTS<\/strong><\/p>\n<p style=\"text-align: justify;\"><a href=\"http:\/\/web.philo.ulg.ac.be\/epistolart_bd\/wp-content\/uploads\/sites\/46\/2018\/09\/ecritures-epistolaires-programme.pdf\" target=\"_blank\" rel=\"noopener\">T\u00e9l\u00e9charger le programme<\/a><\/p>\n","protected":false},"excerpt":{"rendered":"<p>Paris, 13-14 octobre 2016 Communications de Laure Fagnart, Claudia Marconato et H\u00e9l\u00e8ne Miesse. L\u2019\u00e9quipe d\u2019EpistolART a pris part au colloque international L\u2019\u00e9criture \u00e9pistolaire entre Renaissance et \u00c2ge baroque. Pratiques, enjeux, pistes de recherche, un colloque organis\u00e9 par le CIRRI (Centre Interuniversitaire de Recherche sur la Renaissance Italienne) \u00b7 EA 3979 \u2013 LECEMO de l\u2019Universit\u00e9 Sorbonne [&hellip;]<\/p>\n","protected":false},"author":2,"featured_media":772,"comment_status":"closed","ping_status":"closed","sticky":false,"template":"","format":"standard","meta":{"footnotes":""},"categories":[6],"tags":[],"class_list":["post-336","post","type-post","status-publish","format-standard","has-post-thumbnail","hentry","category-activites-conferences-et-communications"],"_links":{"self":[{"href":"http:\/\/web.philo.ulg.ac.be\/epistolart_bd\/wp-json\/wp\/v2\/posts\/336","targetHints":{"allow":["GET"]}}],"collection":[{"href":"http:\/\/web.philo.ulg.ac.be\/epistolart_bd\/wp-json\/wp\/v2\/posts"}],"about":[{"href":"http:\/\/web.philo.ulg.ac.be\/epistolart_bd\/wp-json\/wp\/v2\/types\/post"}],"author":[{"embeddable":true,"href":"http:\/\/web.philo.ulg.ac.be\/epistolart_bd\/wp-json\/wp\/v2\/users\/2"}],"replies":[{"embeddable":true,"href":"http:\/\/web.philo.ulg.ac.be\/epistolart_bd\/wp-json\/wp\/v2\/comments?post=336"}],"version-history":[{"count":2,"href":"http:\/\/web.philo.ulg.ac.be\/epistolart_bd\/wp-json\/wp\/v2\/posts\/336\/revisions"}],"predecessor-version":[{"id":879,"href":"http:\/\/web.philo.ulg.ac.be\/epistolart_bd\/wp-json\/wp\/v2\/posts\/336\/revisions\/879"}],"wp:featuredmedia":[{"embeddable":true,"href":"http:\/\/web.philo.ulg.ac.be\/epistolart_bd\/wp-json\/wp\/v2\/media\/772"}],"wp:attachment":[{"href":"http:\/\/web.philo.ulg.ac.be\/epistolart_bd\/wp-json\/wp\/v2\/media?parent=336"}],"wp:term":[{"taxonomy":"category","embeddable":true,"href":"http:\/\/web.philo.ulg.ac.be\/epistolart_bd\/wp-json\/wp\/v2\/categories?post=336"},{"taxonomy":"post_tag","embeddable":true,"href":"http:\/\/web.philo.ulg.ac.be\/epistolart_bd\/wp-json\/wp\/v2\/tags?post=336"}],"curies":[{"name":"wp","href":"https:\/\/api.w.org\/{rel}","templated":true}]}}