{"id":394,"date":"2017-09-04T14:55:35","date_gmt":"2017-09-04T12:55:35","guid":{"rendered":"http:\/\/web.philo.ulg.ac.be\/epistolart_bd\/?p=394"},"modified":"2018-09-19T16:18:28","modified_gmt":"2018-09-19T14:18:28","slug":"colloque-international-lingua-delle-arti-e-lingua-di-artisti-in-italia-fra-medioevo-e-rinascimento","status":"publish","type":"post","link":"http:\/\/web.philo.ulg.ac.be\/epistolart_bd\/2017\/09\/04\/colloque-international-lingua-delle-arti-e-lingua-di-artisti-in-italia-fra-medioevo-e-rinascimento\/","title":{"rendered":"Colloque international \u00ab\u00a0Lingua delle arti e lingua di artisti in Italia fra Medioevo e Rinascimento\u00a0\u00bb"},"content":{"rendered":"<h3>Universit\u00e9 de Li\u00e8ge, <strong>Facult\u00e9 de Philosophie et Lettres, <\/strong><strong>Salle Lumi\u00e8re <\/strong><\/h3>\n<h3>7 septembre 2017<\/h3>\n<p><strong>Organisation <\/strong>: Alessandro Aresti, Paola Moreno<\/p>\n<p><strong>Comit\u00e9 scientifique <\/strong>: Alessandro Aresti, Nicoletta Maraschio, Enzo Mattesini, Paola Moreno, Matteo Motolese, Gianluca Valenti<\/p>\n<p><strong>Intervenants<\/strong><\/p>\n<p><strong>Alessandro Aresti<\/strong>, <strong>Paola Moreno<\/strong>, <em>Le antologie miscellanee sette-ottocentesche come fonti per lo studio della lingua delle arti e degli artisti in Italia fra Medioevo e Rinascimento<\/em><\/p>\n<p><strong>Marco Biffi<\/strong>, <em>All\u2019alba di un lessico intellettuale europeo dell\u2019architettura<\/em><\/p>\n<p><strong>Veronica Ricotta<\/strong>, <em>\u00abConviene avere fantasia e hoperazione di mano\u00bb. Appunti sul <\/em>Libro dell\u2019arte<em> di Cennino Cennini<\/em><\/p>\n<p><strong>Tina Matarrese<\/strong>, <em>Lessico delle arti (e dei mestieri) a Ferrara tra Quattro e Cinquecento<\/em><\/p>\n<p><strong>Lucia Bertolini<\/strong>, <em>Dalla parte di Leon Battista Alberti: lessico artistico \u2018in formazione\u2019 o lessico artistico \u2018di formazione\u2019?<\/em><\/p>\n<p><strong>Chiara Gizzi, Alessandra Sorci<\/strong>, <em>Tra geometria e pittura, il lessico di Piero della Francesca<\/em><\/p>\n<p><strong>Alessandro Aresti<\/strong>, <em>Il pennello e la penna. La lingua di Andrea Mantegna <\/em><\/p>\n<p><strong>Carlo Vecce<\/strong>, <em>Leonardo e la lingua dell\u2019arte della guerra<\/em><\/p>\n<p><strong>Massimo Arcangeli<\/strong>, <em>Leonardo segreto. Simboli, enigmi, codici cifrati<\/em><\/p>\n<p><strong>Gianluca Valenti<\/strong>, Scorrecto in gramatica<em>, ma fino a che punto? Le revisioni linguistiche del Riccio e del Giannotti alle lettere di Michelangelo <\/em><\/p>\n<p><strong>Anna Maria Siekiera<\/strong>, <em>L\u2019italiano delle arti nelle due edizioni delle \u00abVite\u00bb di Giorgio Vasari<\/em><\/p>\n<p><strong>T\u00c9L\u00c9CHARGEMENTS<\/strong><\/p>\n<p><a href=\"http:\/\/web.philo.ulg.ac.be\/epistolart_bd\/wp-content\/uploads\/sites\/46\/2018\/09\/Linguaggio_arte_Locandina_programma.pdf\" target=\"_blank\" rel=\"noopener\">T\u00e9l\u00e9charger l&rsquo;affiche<\/a><\/p>\n<p><a href=\"http:\/\/web.philo.ulg.ac.be\/epistolart_bd\/wp-content\/uploads\/sites\/46\/2018\/09\/Lingua_artisti_programme.pdf\" target=\"_blank\" rel=\"noopener\">T\u00e9l\u00e9charger le programme<\/a><\/p>\n","protected":false},"excerpt":{"rendered":"<p>Universit\u00e9 de Li\u00e8ge, Facult\u00e9 de Philosophie et Lettres, Salle Lumi\u00e8re 7 septembre 2017 Organisation : Alessandro Aresti, Paola Moreno Comit\u00e9 scientifique : Alessandro Aresti, Nicoletta Maraschio, Enzo Mattesini, Paola Moreno, Matteo Motolese, Gianluca Valenti Intervenants Alessandro Aresti, Paola Moreno, Le antologie miscellanee sette-ottocentesche come fonti per lo studio della lingua delle arti e degli artisti [&hellip;]<\/p>\n","protected":false},"author":2,"featured_media":765,"comment_status":"closed","ping_status":"closed","sticky":false,"template":"","format":"standard","meta":{"footnotes":""},"categories":[7],"tags":[],"class_list":["post-394","post","type-post","status-publish","format-standard","has-post-thumbnail","hentry","category-activites-manifestations-scientifiques"],"_links":{"self":[{"href":"http:\/\/web.philo.ulg.ac.be\/epistolart_bd\/wp-json\/wp\/v2\/posts\/394","targetHints":{"allow":["GET"]}}],"collection":[{"href":"http:\/\/web.philo.ulg.ac.be\/epistolart_bd\/wp-json\/wp\/v2\/posts"}],"about":[{"href":"http:\/\/web.philo.ulg.ac.be\/epistolart_bd\/wp-json\/wp\/v2\/types\/post"}],"author":[{"embeddable":true,"href":"http:\/\/web.philo.ulg.ac.be\/epistolart_bd\/wp-json\/wp\/v2\/users\/2"}],"replies":[{"embeddable":true,"href":"http:\/\/web.philo.ulg.ac.be\/epistolart_bd\/wp-json\/wp\/v2\/comments?post=394"}],"version-history":[{"count":2,"href":"http:\/\/web.philo.ulg.ac.be\/epistolart_bd\/wp-json\/wp\/v2\/posts\/394\/revisions"}],"predecessor-version":[{"id":838,"href":"http:\/\/web.philo.ulg.ac.be\/epistolart_bd\/wp-json\/wp\/v2\/posts\/394\/revisions\/838"}],"wp:featuredmedia":[{"embeddable":true,"href":"http:\/\/web.philo.ulg.ac.be\/epistolart_bd\/wp-json\/wp\/v2\/media\/765"}],"wp:attachment":[{"href":"http:\/\/web.philo.ulg.ac.be\/epistolart_bd\/wp-json\/wp\/v2\/media?parent=394"}],"wp:term":[{"taxonomy":"category","embeddable":true,"href":"http:\/\/web.philo.ulg.ac.be\/epistolart_bd\/wp-json\/wp\/v2\/categories?post=394"},{"taxonomy":"post_tag","embeddable":true,"href":"http:\/\/web.philo.ulg.ac.be\/epistolart_bd\/wp-json\/wp\/v2\/tags?post=394"}],"curies":[{"name":"wp","href":"https:\/\/api.w.org\/{rel}","templated":true}]}}