{"id":406,"date":"2017-12-09T15:01:18","date_gmt":"2017-12-09T14:01:18","guid":{"rendered":"http:\/\/web.philo.ulg.ac.be\/epistolart_bd\/?p=406"},"modified":"2019-01-14T10:41:34","modified_gmt":"2019-01-14T09:41:34","slug":"antonio-geremicca-carla-chiummo-patrizia-tosini-intrecci-virtuosi-letterati-artisti-e-accademie-tra-cinque-e-seicento","status":"publish","type":"post","link":"http:\/\/web.philo.ulg.ac.be\/epistolart_bd\/2017\/12\/09\/antonio-geremicca-carla-chiummo-patrizia-tosini-intrecci-virtuosi-letterati-artisti-e-accademie-tra-cinque-e-seicento\/","title":{"rendered":"Antonio Geremicca, Carla Chiummo, Patrizia Tosini &#8211; Intrecci virtuosi. Letterati, artisti e accademie tra Cinque e Seicento"},"content":{"rendered":"<h3>Rome, Academia Belgica, via Omero 8<\/h3>\n<h3>Le 14 d\u00e9cembre \u00e0 17h<\/h3>\n<p style=\"text-align: justify;\">Rencontre \u2013 Pr\u00e9sentation du volume <em>Intrecci virtuosi. Letterati, artisti e accademie tra Cinque e Seicento<\/em> \u00e9dit\u00e9 par Carla CHIUMMO (Universit\u00e0 degli studi di Cassino), Antonio GEREMICCA (ULi\u00e8ge\/Transitions) et Patrizia TOSINI (Universit\u00e0 degli studi di Cassino), en pr\u00e9sence de Silvia GINZBURG (Universit\u00e0 di Roma Tre), Emilio RUSSO (Sapienza Universit\u00e0 di Roma), <em>Renzo<\/em> BRAGANTINI (Sapienza Universit\u00e0 di Roma) et des \u00e9diteurs.<\/p>\n<p><strong>T\u00c9L\u00c9CHARGEMENTS<\/strong><\/p>\n<p><a href=\"http:\/\/web.philo.ulg.ac.be\/epistolart_bd\/wp-content\/uploads\/sites\/46\/2018\/09\/Presentazione-Intrecci-Virtuosi.pdf\" target=\"_blank\" rel=\"noopener\">Invitation<\/a><\/p>\n<p><strong>LIENS<\/strong><\/p>\n<p><a href=\"http:\/\/www.delucaeditori.com\/prodotto\/intrecci-virtuosi\/\" target=\"_blank\" rel=\"noopener\">Vers le site de l\u2019\u00e9diteur<\/a><\/p>\n","protected":false},"excerpt":{"rendered":"<p>Rome, Academia Belgica, via Omero 8 Le 14 d\u00e9cembre \u00e0 17h Rencontre \u2013 Pr\u00e9sentation du volume Intrecci virtuosi. Letterati, artisti e accademie tra Cinque e Seicento \u00e9dit\u00e9 par Carla CHIUMMO (Universit\u00e0 degli studi di Cassino), Antonio GEREMICCA (ULi\u00e8ge\/Transitions) et Patrizia TOSINI (Universit\u00e0 degli studi di Cassino), en pr\u00e9sence de Silvia GINZBURG (Universit\u00e0 di Roma Tre), [&hellip;]<\/p>\n","protected":false},"author":2,"featured_media":763,"comment_status":"closed","ping_status":"closed","sticky":false,"template":"","format":"standard","meta":{"footnotes":""},"categories":[7,9],"tags":[],"class_list":["post-406","post","type-post","status-publish","format-standard","has-post-thumbnail","hentry","category-activites-manifestations-scientifiques","category-activites-publications"],"_links":{"self":[{"href":"http:\/\/web.philo.ulg.ac.be\/epistolart_bd\/wp-json\/wp\/v2\/posts\/406","targetHints":{"allow":["GET"]}}],"collection":[{"href":"http:\/\/web.philo.ulg.ac.be\/epistolart_bd\/wp-json\/wp\/v2\/posts"}],"about":[{"href":"http:\/\/web.philo.ulg.ac.be\/epistolart_bd\/wp-json\/wp\/v2\/types\/post"}],"author":[{"embeddable":true,"href":"http:\/\/web.philo.ulg.ac.be\/epistolart_bd\/wp-json\/wp\/v2\/users\/2"}],"replies":[{"embeddable":true,"href":"http:\/\/web.philo.ulg.ac.be\/epistolart_bd\/wp-json\/wp\/v2\/comments?post=406"}],"version-history":[{"count":3,"href":"http:\/\/web.philo.ulg.ac.be\/epistolart_bd\/wp-json\/wp\/v2\/posts\/406\/revisions"}],"predecessor-version":[{"id":1276,"href":"http:\/\/web.philo.ulg.ac.be\/epistolart_bd\/wp-json\/wp\/v2\/posts\/406\/revisions\/1276"}],"wp:featuredmedia":[{"embeddable":true,"href":"http:\/\/web.philo.ulg.ac.be\/epistolart_bd\/wp-json\/wp\/v2\/media\/763"}],"wp:attachment":[{"href":"http:\/\/web.philo.ulg.ac.be\/epistolart_bd\/wp-json\/wp\/v2\/media?parent=406"}],"wp:term":[{"taxonomy":"category","embeddable":true,"href":"http:\/\/web.philo.ulg.ac.be\/epistolart_bd\/wp-json\/wp\/v2\/categories?post=406"},{"taxonomy":"post_tag","embeddable":true,"href":"http:\/\/web.philo.ulg.ac.be\/epistolart_bd\/wp-json\/wp\/v2\/tags?post=406"}],"curies":[{"name":"wp","href":"https:\/\/api.w.org\/{rel}","templated":true}]}}