{"id":439,"date":"2018-02-25T15:21:24","date_gmt":"2018-02-25T14:21:24","guid":{"rendered":"http:\/\/web.philo.ulg.ac.be\/epistolart_bd\/?p=439"},"modified":"2018-09-18T16:52:06","modified_gmt":"2018-09-18T14:52:06","slug":"defense-de-these-de-cristiano-amendola-il-vero-raccontato-narratio-brevis-e-retorica-umanistica-nellepistola-tra-quattro-e-cinquecento","status":"publish","type":"post","link":"http:\/\/web.philo.ulg.ac.be\/epistolart_bd\/2018\/02\/25\/defense-de-these-de-cristiano-amendola-il-vero-raccontato-narratio-brevis-e-retorica-umanistica-nellepistola-tra-quattro-e-cinquecento\/","title":{"rendered":"D\u00e9fense de th\u00e8se de Cristiano Amendola &#8211; &lsquo;Il vero raccontato&rsquo;. Narratio brevis e retorica umanistica nell\u2019epistola tra Quattro e Cinquecento."},"content":{"rendered":"<p style=\"text-align: justify;\">Le 23 f\u00e9vrier \u00e0 14h, en la salle Lumi\u00e8re de l&rsquo;Universit\u00e9 de Li\u00e8ge, Cristiano Amendola a d\u00e9fendu publiquement sa th\u00e8se de doctorat intitul\u00e9e\u00a0<em>Il vero raccontato. Narratio brevis e retorica umanistica nell\u2019epistola tra Quattro e Cinquecento<\/em>.<\/p>\n<div style=\"text-align: justify;\">Cette th\u00e8se, dirig\u00e9e par la prof. Paola Moreno (ULi\u00e8ge), propose une histoire du <em>sermo quotidianus<\/em> adopt\u00e9 par l\u2019\u00e9pistolographie humaniste sous l&rsquo;effet mod\u00e9lisant de l\u2019\u00e9criture \u00e9pistolaire cic\u00e9ronienne, en identifiant dans les formes de la <em>Narratio brevis<\/em> romane les r\u00e9f\u00e9rences litt\u00e9raires principales. Elle propose, en outre, une reconstruction des processus de codification de l\u2019\u00e9pistolographie italienne \u00e0 la fin du 15<sup>e<\/sup> et au d\u00e9but du 16<sup>e<\/sup> si\u00e8cle.<\/div>\n","protected":false},"excerpt":{"rendered":"<p>Le 23 f\u00e9vrier \u00e0 14h, en la salle Lumi\u00e8re de l&rsquo;Universit\u00e9 de Li\u00e8ge, Cristiano Amendola a d\u00e9fendu publiquement sa th\u00e8se de doctorat intitul\u00e9e\u00a0Il vero raccontato. Narratio brevis e retorica umanistica nell\u2019epistola tra Quattro e Cinquecento. Cette th\u00e8se, dirig\u00e9e par la prof. Paola Moreno (ULi\u00e8ge), propose une histoire du sermo quotidianus adopt\u00e9 par l\u2019\u00e9pistolographie humaniste sous [&hellip;]<\/p>\n","protected":false},"author":2,"featured_media":756,"comment_status":"closed","ping_status":"closed","sticky":false,"template":"","format":"standard","meta":{"footnotes":""},"categories":[7],"tags":[],"class_list":["post-439","post","type-post","status-publish","format-standard","has-post-thumbnail","hentry","category-activites-manifestations-scientifiques"],"_links":{"self":[{"href":"http:\/\/web.philo.ulg.ac.be\/epistolart_bd\/wp-json\/wp\/v2\/posts\/439","targetHints":{"allow":["GET"]}}],"collection":[{"href":"http:\/\/web.philo.ulg.ac.be\/epistolart_bd\/wp-json\/wp\/v2\/posts"}],"about":[{"href":"http:\/\/web.philo.ulg.ac.be\/epistolart_bd\/wp-json\/wp\/v2\/types\/post"}],"author":[{"embeddable":true,"href":"http:\/\/web.philo.ulg.ac.be\/epistolart_bd\/wp-json\/wp\/v2\/users\/2"}],"replies":[{"embeddable":true,"href":"http:\/\/web.philo.ulg.ac.be\/epistolart_bd\/wp-json\/wp\/v2\/comments?post=439"}],"version-history":[{"count":1,"href":"http:\/\/web.philo.ulg.ac.be\/epistolart_bd\/wp-json\/wp\/v2\/posts\/439\/revisions"}],"predecessor-version":[{"id":440,"href":"http:\/\/web.philo.ulg.ac.be\/epistolart_bd\/wp-json\/wp\/v2\/posts\/439\/revisions\/440"}],"wp:featuredmedia":[{"embeddable":true,"href":"http:\/\/web.philo.ulg.ac.be\/epistolart_bd\/wp-json\/wp\/v2\/media\/756"}],"wp:attachment":[{"href":"http:\/\/web.philo.ulg.ac.be\/epistolart_bd\/wp-json\/wp\/v2\/media?parent=439"}],"wp:term":[{"taxonomy":"category","embeddable":true,"href":"http:\/\/web.philo.ulg.ac.be\/epistolart_bd\/wp-json\/wp\/v2\/categories?post=439"},{"taxonomy":"post_tag","embeddable":true,"href":"http:\/\/web.philo.ulg.ac.be\/epistolart_bd\/wp-json\/wp\/v2\/tags?post=439"}],"curies":[{"name":"wp","href":"https:\/\/api.w.org\/{rel}","templated":true}]}}