{"id":463,"date":"2015-02-25T15:33:47","date_gmt":"2015-02-25T14:33:47","guid":{"rendered":"http:\/\/web.philo.ulg.ac.be\/epistolart_bd\/?p=463"},"modified":"2018-09-19T16:36:07","modified_gmt":"2018-09-19T14:36:07","slug":"colloque-international-etre-homme-de-lettres-secretaires-et-politique-culturelle-au-seizieme-siecle","status":"publish","type":"post","link":"http:\/\/web.philo.ulg.ac.be\/epistolart_bd\/2015\/02\/25\/colloque-international-etre-homme-de-lettres-secretaires-et-politique-culturelle-au-seizieme-siecle\/","title":{"rendered":"Colloque international \u00ab\u00a0\u00catre homme de &lsquo;lettres&rsquo; : secr\u00e9taires et politique culturelle au seizi\u00e8me si\u00e8cle\u00a0\u00bb"},"content":{"rendered":"<h3 style=\"text-align: justify;\">Universit\u00e9 de Li\u00e8ge, Salle des Professeurs, 26-27 f\u00e9vrier 2015<\/h3>\n<p style=\"text-align: justify;\">L\u2019objectif principal de cette rencontre fut d\u2019examiner la figure encore multiforme du secr\u00e9taire \u00e0 la fois conseiller, homme de cour et lettr\u00e9, celle de l\u2019intellectuel expert en mati\u00e8re de politique, de culture artistique ou encore de diplomatie exer\u00e7ant un r\u00f4le crucial dans l\u2019exercice du pouvoir, et d\u2019interroger le r\u00f4le jou\u00e9 par les secr\u00e9taires en qualit\u00e9 d\u2019interm\u00e9diaires entre les arts et les lettres, d\u2019une part, et le centre de ce pouvoir, de l\u2019autre.<\/p>\n<p style=\"text-align: justify;\">Communications de Marco Calafati, Veronica Carpita, Antonio Geremicca, Silvia Ginzburg, Marzia Giuliani, Andrea Guidi, Letizia Mafale, Claudia Marconato, H\u00e9l\u00e8ne Miesse, Miguel Palou Espinosa, Emanuele Pellegrini, Matteo Provasi, Paolo Procaccioli, Oscar Schiavone, Marcello Simonetta, Gianluca Valenti et Antonio Vannugli.<\/p>\n<p style=\"text-align: justify;\">Organisateurs\u00a0: <a href=\"mailto:antonio.geremicca@ulg.ac.be\">Antonio Geremicca<\/a> et <a href=\"mailto:helene.miesse@ulg.ac.be\">H\u00e9l\u00e8ne Miesse<\/a><\/p>\n<h3>T\u00c9L\u00c9CHARGEMENTS<\/h3>\n<p><a href=\"http:\/\/web.philo.ulg.ac.be\/epistolart_bd\/wp-content\/uploads\/sites\/46\/2018\/09\/Programme-secr\u00e9taires-26-27-f\u00e9vrier.pdf\" target=\"_blank\" rel=\"noopener\">T\u00e9l\u00e9charger le programme<\/a><\/p>\n","protected":false},"excerpt":{"rendered":"<p>Universit\u00e9 de Li\u00e8ge, Salle des Professeurs, 26-27 f\u00e9vrier 2015 L\u2019objectif principal de cette rencontre fut d\u2019examiner la figure encore multiforme du secr\u00e9taire \u00e0 la fois conseiller, homme de cour et lettr\u00e9, celle de l\u2019intellectuel expert en mati\u00e8re de politique, de culture artistique ou encore de diplomatie exer\u00e7ant un r\u00f4le crucial dans l\u2019exercice du pouvoir, et [&hellip;]<\/p>\n","protected":false},"author":2,"featured_media":794,"comment_status":"closed","ping_status":"closed","sticky":false,"template":"","format":"standard","meta":{"footnotes":""},"categories":[7],"tags":[],"class_list":["post-463","post","type-post","status-publish","format-standard","has-post-thumbnail","hentry","category-activites-manifestations-scientifiques"],"_links":{"self":[{"href":"http:\/\/web.philo.ulg.ac.be\/epistolart_bd\/wp-json\/wp\/v2\/posts\/463","targetHints":{"allow":["GET"]}}],"collection":[{"href":"http:\/\/web.philo.ulg.ac.be\/epistolart_bd\/wp-json\/wp\/v2\/posts"}],"about":[{"href":"http:\/\/web.philo.ulg.ac.be\/epistolart_bd\/wp-json\/wp\/v2\/types\/post"}],"author":[{"embeddable":true,"href":"http:\/\/web.philo.ulg.ac.be\/epistolart_bd\/wp-json\/wp\/v2\/users\/2"}],"replies":[{"embeddable":true,"href":"http:\/\/web.philo.ulg.ac.be\/epistolart_bd\/wp-json\/wp\/v2\/comments?post=463"}],"version-history":[{"count":2,"href":"http:\/\/web.philo.ulg.ac.be\/epistolart_bd\/wp-json\/wp\/v2\/posts\/463\/revisions"}],"predecessor-version":[{"id":858,"href":"http:\/\/web.philo.ulg.ac.be\/epistolart_bd\/wp-json\/wp\/v2\/posts\/463\/revisions\/858"}],"wp:featuredmedia":[{"embeddable":true,"href":"http:\/\/web.philo.ulg.ac.be\/epistolart_bd\/wp-json\/wp\/v2\/media\/794"}],"wp:attachment":[{"href":"http:\/\/web.philo.ulg.ac.be\/epistolart_bd\/wp-json\/wp\/v2\/media?parent=463"}],"wp:term":[{"taxonomy":"category","embeddable":true,"href":"http:\/\/web.philo.ulg.ac.be\/epistolart_bd\/wp-json\/wp\/v2\/categories?post=463"},{"taxonomy":"post_tag","embeddable":true,"href":"http:\/\/web.philo.ulg.ac.be\/epistolart_bd\/wp-json\/wp\/v2\/tags?post=463"}],"curies":[{"name":"wp","href":"https:\/\/api.w.org\/{rel}","templated":true}]}}